{"short_name":"Claire","name":"Claire Laborde","icons":[{"src":"https:\/\/dvqlxo2m2q99q.cloudfront.net\/000_clients\/1225784\/file\/claire-laborde-photographe-4-1ea9dd.jpg","sizes":"16x16","type":"image\/jpeg","purpose":"any maskable"}],"start_url":"\/","scope":"\/","display":"standalone","lang":"en","background_color":"#fae6de","description":"Photographe, cadreuse et monteuse passionn\u00e9e. R\u00e9alisation de reportages photo et vid\u00e9o pour votre mariage, votre \u00e9v\u00e8nement priv\u00e9 ou d&#039;entreprise.\n\nContactez-moi pour plus de renseignements.","orientation":"portrait-primary","theme_color":"#fae6de","related_applications":[{"platform":"web","url":"http:\/\/www.clairobskur.com"}]}